{"id":139,"date":"2011-03-21T07:32:45","date_gmt":"2011-03-21T09:32:45","guid":{"rendered":"http:\/\/www.encontragranjaviana.com.br\/noticias\/?p=139"},"modified":"2019-04-29T16:24:20","modified_gmt":"2019-04-29T18:24:20","slug":"1%c2%aa-edicao-da-ecofeira-granja-viana-em-2011-aconteceu-neste-domingo","status":"publish","type":"post","link":"https:\/\/www.encontragranjaviana.com.br\/sobre\/1%c2%aa-edicao-da-ecofeira-granja-viana-em-2011-aconteceu-neste-domingo\/","title":{"rendered":"1\u00aa edi\u00e7\u00e3o da Ecofeira Granja Viana em 2011 aconteceu neste domingo"},"content":{"rendered":"<div class=\"15401c187b342417d42857c0d7dac0c7\" data-index=\"1\" style=\"float: left; margin: 15px 15px 15px 0;\">\n<!-- EBR \/Novo-Bairro\/ 300x250 - pub-85 -->\r\n<ins class=\"adsbygoogle\"\r\n     style=\"display:inline-block;width:300px;height:250px\"\r\n     data-ad-client=\"ca-pub-8585364105181520\"\r\n     data-ad-slot=\"4691134188\"><\/ins>\r\n<script>\r\n(adsbygoogle = window.adsbygoogle || []).push({});\r\n<\/script>\n<\/div>\n<p>A primeira Ecofeira de 2011 aconteceu neste domingo, 20,\u00a0 na Faculdade M\u00e1rio Schenberg, com diversas atra\u00e7\u00f5es.<\/p>\n<p>As Ecofeiras come\u00e7aram a ser realizadas em Cotia em setembro de 2010, e est\u00e3o se consagrando como um canal de comercializa\u00e7\u00e3o para os produtores rurais da regi\u00e3o que trabalham com artigos na linha do natural, sem defensivo qu\u00edmico ou org\u00e2nico, bem como os que trabalham com flores, produ\u00e7\u00e3o de alimentos artesanais e arte.<\/p>\n<p>A proposta das Ecofeiras na Granja Viana surgiu de grupos organizados da comunidade interessados em gerar processos sustent\u00e1veis junto aos produtores rurais. O principal objetivo \u00e9 divulgar e fomentar o consumo de produtos naturais e org\u00e2nicos, que est\u00e3o alinhados com os princ\u00edpios da pr\u00e1tica da sustentabilidade e fomento da economia solid\u00e1ria.<\/p>\n<p>Entre os itens abordados na pauta da \u00faltima reuni\u00e3o entre os organizadores, estavam uma proposta de calend\u00e1rio para as ecofeiras no primeiro semestre, com rod\u00edzio de locais de realiza\u00e7\u00e3o.<\/p>\n<p>Na linha do desenvolvimento local, a reuni\u00e3o tamb\u00e9m teve o objetivo de organizar os expositores, e foram criadas comiss\u00f5es para que o coletivo de participantes comece a se estruturar para a continuidade do processo.<\/p>\n<p>A primeira Ecofeira de 2011 aconteceu das 9h \u00e0s 14h, na Faculdade M\u00e1rio Schenberg, na Estrada Municipal do Espig\u00e3o, 1413.<br \/>\n<em><br \/>\nFonte: Cotia Todo Dia<\/em><\/p>\n\n<div style=\"font-size: 0px; height: 0px; line-height: 0px; margin: 0; padding: 0; clear: both;\"><\/div>","protected":false},"excerpt":{"rendered":"<p>A primeira Ecofeira de 2011 aconteceu neste domingo, 20,\u00a0 na Faculdade M\u00e1rio Schenberg, com diversas atra\u00e7\u00f5es. As Ecofeiras come\u00e7aram a ser realizadas em Cotia em setembro de 2010, e est\u00e3o se consagrando como um canal de comercializa\u00e7\u00e3o para os produtores rurais da regi\u00e3o que trabalham com artigos na linha do natural, sem defensivo qu\u00edmico ou org\u00e2nico, bem como os que trabalham com flores, produ\u00e7\u00e3o de alimentos artesanais e arte. A proposta das Ecofeiras na Granja Viana surgiu de grupos organizados da comunidade interessados em gerar processos sustent\u00e1veis junto aos produtores rurais. O principal objetivo \u00e9 divulgar e fomentar o consumo <\/p>\n","protected":false},"author":1,"featured_media":0,"comment_status":"open","ping_status":"closed","sticky":false,"template":"","format":"standard","meta":{"footnotes":""},"categories":[6],"tags":[],"aioseo_notices":[],"_links":{"self":[{"href":"https:\/\/www.encontragranjaviana.com.br\/sobre\/wp-json\/wp\/v2\/posts\/139"}],"collection":[{"href":"https:\/\/www.encontragranjaviana.com.br\/sobre\/wp-json\/wp\/v2\/posts"}],"about":[{"href":"https:\/\/www.encontragranjaviana.com.br\/sobre\/wp-json\/wp\/v2\/types\/post"}],"author":[{"embeddable":true,"href":"https:\/\/www.encontragranjaviana.com.br\/sobre\/wp-json\/wp\/v2\/users\/1"}],"replies":[{"embeddable":true,"href":"https:\/\/www.encontragranjaviana.com.br\/sobre\/wp-json\/wp\/v2\/comments?post=139"}],"version-history":[{"count":0,"href":"https:\/\/www.encontragranjaviana.com.br\/sobre\/wp-json\/wp\/v2\/posts\/139\/revisions"}],"wp:attachment":[{"href":"https:\/\/www.encontragranjaviana.com.br\/sobre\/wp-json\/wp\/v2\/media?parent=139"}],"wp:term":[{"taxonomy":"category","embeddable":true,"href":"https:\/\/www.encontragranjaviana.com.br\/sobre\/wp-json\/wp\/v2\/categories?post=139"},{"taxonomy":"post_tag","embeddable":true,"href":"https:\/\/www.encontragranjaviana.com.br\/sobre\/wp-json\/wp\/v2\/tags?post=139"}],"curies":[{"name":"wp","href":"https:\/\/api.w.org\/{rel}","templated":true}]}}