{"id":135,"date":"2011-03-15T13:21:56","date_gmt":"2011-03-15T15:21:56","guid":{"rendered":"http:\/\/www.encontragranjaviana.com.br\/noticias\/?p=135"},"modified":"2019-04-29T16:24:20","modified_gmt":"2019-04-29T18:24:20","slug":"granja-viana-secretaria-da-saude-continua-informatizacao-das-unidades","status":"publish","type":"post","link":"https:\/\/www.encontragranjaviana.com.br\/sobre\/granja-viana-secretaria-da-saude-continua-informatizacao-das-unidades\/","title":{"rendered":"Granja Viana: Secretaria da Sa\u00fade continua informatiza\u00e7\u00e3o das unidades"},"content":{"rendered":"<div class=\"15401c187b342417d42857c0d7dac0c7\" data-index=\"1\" style=\"float: left; margin: 15px 15px 15px 0;\">\n<!-- EBR \/Novo-Bairro\/ 300x250 - pub-85 -->\r\n<ins class=\"adsbygoogle\"\r\n     style=\"display:inline-block;width:300px;height:250px\"\r\n     data-ad-client=\"ca-pub-8585364105181520\"\r\n     data-ad-slot=\"4691134188\"><\/ins>\r\n<script>\r\n(adsbygoogle = window.adsbygoogle || []).push({});\r\n<\/script>\n<\/div>\n<p>Secretaria de Sa\u00fade continua informatizando as unidades de sa\u00fade do Municipio e da Granja Viana. A inten\u00e7\u00e3o \u00e9 interligar todos os postos de sa\u00fade da fam\u00edlia que est\u00e3o sendo reestruturados e que ser\u00e3o criados, al\u00e9m das UBS que ser\u00e3o tamb\u00e9m transformadas em PSFs. Para isso, recebeu um lote de 80 computadores nesta \u00faltima semana, que ser\u00e3o distribu\u00eddos para as unidades.<\/p>\n<p>Al\u00e9m disso, com a informatiza\u00e7\u00e3o em todos os postos, as informa\u00e7\u00f5es chegar\u00e3o \u201con line\u201d ao Planjamento, Recursos Humanos e Assist\u00eancia Farmac\u00eautica. Desta forma, haver\u00e1 um monitoramento do real atendimento dispensado diariamente, da presen\u00e7a dos m\u00e9dicos e profissionais de enfermagem e da falta ou sobra de rem\u00e9dios nas farm\u00e1cias das unidades.<\/p>\n<p>O secret\u00e1rio de sa\u00fade, Antonio Melo, informou que a a\u00e7\u00e3o foi autorizada pelo prefeito Carl\u00e3o Camargo e aprovada pelo Conselho Municipal de Sa\u00fade, tendo como conseq\u00fc\u00eancia, ainda, a identifica\u00e7\u00e3o imediata do paciente, atrav\u00e9s do Cart\u00e3o SUS, que todo brasileiro dever\u00e1 portar a partir de junho deste ano, nas consultas em qualquer unidade. Assim, se um morador da Granja Viana for se consultar em Caucaia do Alto, com o cart\u00e3o ser\u00e1 imediatamente identificado e seu prontu\u00e1rio ser\u00e1 acessado, permitindo ao profissional uma avalia\u00e7\u00e3o melhor diante dos antecedentes m\u00e9dicos do paciente.<\/p>\n<p><em>Fonte: Prefeitura de Cotia<\/em><\/p>\n\n<div style=\"font-size: 0px; height: 0px; line-height: 0px; margin: 0; padding: 0; clear: both;\"><\/div>","protected":false},"excerpt":{"rendered":"<p>Secretaria de Sa\u00fade continua informatizando as unidades de sa\u00fade do Municipio e da Granja Viana. A inten\u00e7\u00e3o \u00e9 interligar todos os postos de sa\u00fade da fam\u00edlia que est\u00e3o sendo reestruturados e que ser\u00e3o criados, al\u00e9m das UBS que ser\u00e3o tamb\u00e9m transformadas em PSFs. Para isso, recebeu um lote de 80 computadores nesta \u00faltima semana, que ser\u00e3o distribu\u00eddos para as unidades. Al\u00e9m disso, com a informatiza\u00e7\u00e3o em todos os postos, as informa\u00e7\u00f5es chegar\u00e3o \u201con line\u201d ao Planjamento, Recursos Humanos e Assist\u00eancia Farmac\u00eautica. Desta forma, haver\u00e1 um monitoramento do real atendimento dispensado diariamente, da presen\u00e7a dos m\u00e9dicos e profissionais de enfermagem e <\/p>\n","protected":false},"author":1,"featured_media":0,"comment_status":"open","ping_status":"closed","sticky":false,"template":"","format":"standard","meta":{"footnotes":""},"categories":[6],"tags":[],"aioseo_notices":[],"_links":{"self":[{"href":"https:\/\/www.encontragranjaviana.com.br\/sobre\/wp-json\/wp\/v2\/posts\/135"}],"collection":[{"href":"https:\/\/www.encontragranjaviana.com.br\/sobre\/wp-json\/wp\/v2\/posts"}],"about":[{"href":"https:\/\/www.encontragranjaviana.com.br\/sobre\/wp-json\/wp\/v2\/types\/post"}],"author":[{"embeddable":true,"href":"https:\/\/www.encontragranjaviana.com.br\/sobre\/wp-json\/wp\/v2\/users\/1"}],"replies":[{"embeddable":true,"href":"https:\/\/www.encontragranjaviana.com.br\/sobre\/wp-json\/wp\/v2\/comments?post=135"}],"version-history":[{"count":0,"href":"https:\/\/www.encontragranjaviana.com.br\/sobre\/wp-json\/wp\/v2\/posts\/135\/revisions"}],"wp:attachment":[{"href":"https:\/\/www.encontragranjaviana.com.br\/sobre\/wp-json\/wp\/v2\/media?parent=135"}],"wp:term":[{"taxonomy":"category","embeddable":true,"href":"https:\/\/www.encontragranjaviana.com.br\/sobre\/wp-json\/wp\/v2\/categories?post=135"},{"taxonomy":"post_tag","embeddable":true,"href":"https:\/\/www.encontragranjaviana.com.br\/sobre\/wp-json\/wp\/v2\/tags?post=135"}],"curies":[{"name":"wp","href":"https:\/\/api.w.org\/{rel}","templated":true}]}}