{"id":129,"date":"2011-03-02T11:46:34","date_gmt":"2011-03-02T13:46:34","guid":{"rendered":"http:\/\/www.encontragranjaviana.com.br\/noticias\/?p=129"},"modified":"2019-04-29T16:24:20","modified_gmt":"2019-04-29T18:24:20","slug":"granja-viana-tera-primeira-casa-conteiner-de-sao-paulo","status":"publish","type":"post","link":"https:\/\/www.encontragranjaviana.com.br\/sobre\/granja-viana-tera-primeira-casa-conteiner-de-sao-paulo\/","title":{"rendered":"Granja Viana ter\u00e1 primeira \u201cCasa Cont\u00eainer\u201d de S\u00e3o Paulo"},"content":{"rendered":"<div class=\"15401c187b342417d42857c0d7dac0c7\" data-index=\"1\" style=\"float: left; margin: 15px 15px 15px 0;\">\n<!-- EBR \/Novo-Bairro\/ 300x250 - pub-85 -->\r\n<ins class=\"adsbygoogle\"\r\n     style=\"display:inline-block;width:300px;height:250px\"\r\n     data-ad-client=\"ca-pub-8585364105181520\"\r\n     data-ad-slot=\"4691134188\"><\/ins>\r\n<script>\r\n(adsbygoogle = window.adsbygoogle || []).push({});\r\n<\/script>\n<\/div>\n<p>Prevista para ficar pronta em mar\u00e7o, cinco meses ap\u00f3s o in\u00edcio da constru\u00e7\u00e3o, a Casa Cont\u00eainer Sustent\u00e1vel, projetada pelo arquiteto Danilo Corbas, est\u00e1 sendo constru\u00edda dentro do residencial Fazendinha, no bairro Granja Viana e ser\u00e1 a primeira com este conceito no Estado de S\u00e3o Paulo.<\/p>\n<p>Num terreno de 860 metros quadrados, casa cont\u00eainer 196 m2 de \u00e1rea constru\u00edda, distribu\u00edda em dois pavimentos. S\u00e3o 3 quartos, sala de estar, sala de jantar e cozinha gourmet integradas, escrit\u00f3rio, tr\u00eas banheiros, \u00e1rea de servi\u00e7o, garagem coberta e varandas.<\/p>\n<p><em>Fonte: Cotia Todo Dia<\/em><\/p>\n\n<div style=\"font-size: 0px; height: 0px; line-height: 0px; margin: 0; padding: 0; clear: both;\"><\/div>","protected":false},"excerpt":{"rendered":"<p>Prevista para ficar pronta em mar\u00e7o, cinco meses ap\u00f3s o in\u00edcio da constru\u00e7\u00e3o, a Casa Cont\u00eainer Sustent\u00e1vel, projetada pelo arquiteto Danilo Corbas, est\u00e1 sendo constru\u00edda dentro do residencial Fazendinha, no bairro Granja Viana e ser\u00e1 a primeira com este conceito no Estado de S\u00e3o Paulo. Num terreno de 860 metros quadrados, casa cont\u00eainer 196 m2 de \u00e1rea constru\u00edda, distribu\u00edda em dois pavimentos. S\u00e3o 3 quartos, sala de estar, sala de jantar e cozinha gourmet integradas, escrit\u00f3rio, tr\u00eas banheiros, \u00e1rea de servi\u00e7o, garagem coberta e varandas. Fonte: Cotia Todo Dia<\/p>\n","protected":false},"author":1,"featured_media":0,"comment_status":"open","ping_status":"closed","sticky":false,"template":"","format":"standard","meta":{"footnotes":""},"categories":[6],"tags":[],"aioseo_notices":[],"_links":{"self":[{"href":"https:\/\/www.encontragranjaviana.com.br\/sobre\/wp-json\/wp\/v2\/posts\/129"}],"collection":[{"href":"https:\/\/www.encontragranjaviana.com.br\/sobre\/wp-json\/wp\/v2\/posts"}],"about":[{"href":"https:\/\/www.encontragranjaviana.com.br\/sobre\/wp-json\/wp\/v2\/types\/post"}],"author":[{"embeddable":true,"href":"https:\/\/www.encontragranjaviana.com.br\/sobre\/wp-json\/wp\/v2\/users\/1"}],"replies":[{"embeddable":true,"href":"https:\/\/www.encontragranjaviana.com.br\/sobre\/wp-json\/wp\/v2\/comments?post=129"}],"version-history":[{"count":0,"href":"https:\/\/www.encontragranjaviana.com.br\/sobre\/wp-json\/wp\/v2\/posts\/129\/revisions"}],"wp:attachment":[{"href":"https:\/\/www.encontragranjaviana.com.br\/sobre\/wp-json\/wp\/v2\/media?parent=129"}],"wp:term":[{"taxonomy":"category","embeddable":true,"href":"https:\/\/www.encontragranjaviana.com.br\/sobre\/wp-json\/wp\/v2\/categories?post=129"},{"taxonomy":"post_tag","embeddable":true,"href":"https:\/\/www.encontragranjaviana.com.br\/sobre\/wp-json\/wp\/v2\/tags?post=129"}],"curies":[{"name":"wp","href":"https:\/\/api.w.org\/{rel}","templated":true}]}}