{"id":112,"date":"2011-02-08T12:24:41","date_gmt":"2011-02-08T14:24:41","guid":{"rendered":"http:\/\/www.encontragranjaviana.com.br\/noticias\/?p=112"},"modified":"2019-04-29T16:24:20","modified_gmt":"2019-04-29T18:24:20","slug":"secretaria-de-turismo-credenciara-expositores-de-moda-para-ecofeira-2011-na-granja-viana","status":"publish","type":"post","link":"https:\/\/www.encontragranjaviana.com.br\/sobre\/secretaria-de-turismo-credenciara-expositores-de-moda-para-ecofeira-2011-na-granja-viana\/","title":{"rendered":"Secretaria de Turismo credenciar\u00e1 expositores de moda para Ecofeira 2011 na Granja Viana"},"content":{"rendered":"<div class=\"15401c187b342417d42857c0d7dac0c7\" data-index=\"1\" style=\"float: left; margin: 15px 15px 15px 0;\">\n<!-- EBR \/Novo-Bairro\/ 300x250 - pub-85 -->\r\n<ins class=\"adsbygoogle\"\r\n     style=\"display:inline-block;width:300px;height:250px\"\r\n     data-ad-client=\"ca-pub-8585364105181520\"\r\n     data-ad-slot=\"4691134188\"><\/ins>\r\n<script>\r\n(adsbygoogle = window.adsbygoogle || []).push({});\r\n<\/script>\n<\/div>\n<p>O departamento de Turismo convida pessoas que trabalham com moda sustent\u00e1vel, a participar das edi\u00e7\u00f5es da Ecofeira no ano de 2011. A proposta \u00e9 que os interessados (as) trabalhem com mat\u00e9ria-prima natural ou alternativa na confec\u00e7\u00e3o das pe\u00e7as.<\/p>\n<p>Em 2010, aconteceram tr\u00eas edi\u00e7\u00f5es da Ecofeira na Granja Vianna, criada para fomentar o consumo sustent\u00e1vel em nossa regi\u00e3o. Cerca de 50 expositores participaram de cada edi\u00e7\u00e3o, e novos expositores est\u00e3o sendo cadastrados para 2011.<\/p>\n<p>A Ecofeira \u00e9 uma promo\u00e7\u00e3o conjunta da Prefeitura de Cotia, por meio da Secretaria Municipal de Cultura e Turismo e parceiros.\u00a0 Maiores informa\u00e7\u00f5es, com o departamento de Turismo pelo telefone: 4614.2952.<\/p>\n\n<div style=\"font-size: 0px; height: 0px; line-height: 0px; margin: 0; padding: 0; clear: both;\"><\/div>","protected":false},"excerpt":{"rendered":"<p>O departamento de Turismo convida pessoas que trabalham com moda sustent\u00e1vel, a participar das edi\u00e7\u00f5es da Ecofeira no ano de 2011. A proposta \u00e9 que os interessados (as) trabalhem com mat\u00e9ria-prima natural ou alternativa na confec\u00e7\u00e3o das pe\u00e7as. Em 2010, aconteceram tr\u00eas edi\u00e7\u00f5es da Ecofeira na Granja Vianna, criada para fomentar o consumo sustent\u00e1vel em nossa regi\u00e3o. Cerca de 50 expositores participaram de cada edi\u00e7\u00e3o, e novos expositores est\u00e3o sendo cadastrados para 2011. A Ecofeira \u00e9 uma promo\u00e7\u00e3o conjunta da Prefeitura de Cotia, por meio da Secretaria Municipal de Cultura e Turismo e parceiros.\u00a0 Maiores informa\u00e7\u00f5es, com o departamento de <\/p>\n","protected":false},"author":1,"featured_media":0,"comment_status":"open","ping_status":"closed","sticky":false,"template":"","format":"standard","meta":{"footnotes":""},"categories":[6],"tags":[],"aioseo_notices":[],"_links":{"self":[{"href":"https:\/\/www.encontragranjaviana.com.br\/sobre\/wp-json\/wp\/v2\/posts\/112"}],"collection":[{"href":"https:\/\/www.encontragranjaviana.com.br\/sobre\/wp-json\/wp\/v2\/posts"}],"about":[{"href":"https:\/\/www.encontragranjaviana.com.br\/sobre\/wp-json\/wp\/v2\/types\/post"}],"author":[{"embeddable":true,"href":"https:\/\/www.encontragranjaviana.com.br\/sobre\/wp-json\/wp\/v2\/users\/1"}],"replies":[{"embeddable":true,"href":"https:\/\/www.encontragranjaviana.com.br\/sobre\/wp-json\/wp\/v2\/comments?post=112"}],"version-history":[{"count":0,"href":"https:\/\/www.encontragranjaviana.com.br\/sobre\/wp-json\/wp\/v2\/posts\/112\/revisions"}],"wp:attachment":[{"href":"https:\/\/www.encontragranjaviana.com.br\/sobre\/wp-json\/wp\/v2\/media?parent=112"}],"wp:term":[{"taxonomy":"category","embeddable":true,"href":"https:\/\/www.encontragranjaviana.com.br\/sobre\/wp-json\/wp\/v2\/categories?post=112"},{"taxonomy":"post_tag","embeddable":true,"href":"https:\/\/www.encontragranjaviana.com.br\/sobre\/wp-json\/wp\/v2\/tags?post=112"}],"curies":[{"name":"wp","href":"https:\/\/api.w.org\/{rel}","templated":true}]}}